{"id":348,"date":"2026-08-26T21:50:26","date_gmt":"2026-08-26T21:50:26","guid":{"rendered":"https:\/\/melodine.fr\/blog\/home-studio\/projet-age-or-renaissance\/"},"modified":"2026-08-26T21:50:26","modified_gmt":"2026-08-26T21:50:26","slug":"projet-age-or-renaissance","status":"publish","type":"post","link":"https:\/\/melodine.fr\/blog\/home-studio\/projet-age-or-renaissance\/","title":{"rendered":"Projet \u00c2ge d&rsquo;Or : Vers une Renaissance Exceptionnelle"},"content":{"rendered":"<p class=\"wp-block-paragraph\"><strong>En bref<\/strong><\/p>\n\n<ul class=\"wp-block-list\"><li>Le <strong>Projet \u00c2ge d&rsquo;Or<\/strong> ne consiste pas \u00e0 reproduire un pass\u00e9 id\u00e9alis\u00e9 : il vise \u00e0 remettre en mouvement des savoir-faire, des \u0153uvres et des lieux pour cr\u00e9er une <strong>Renaissance<\/strong> utile aujourd\u2019hui.<\/li><li>La musique, les arts d\u00e9coratifs, les r\u00e9cits populaires et les outils num\u00e9riques peuvent faire dialoguer <strong>Patrimoine<\/strong> et <strong>Innovation<\/strong> sans transformer la Culture en produit d\u00e9coratif.<\/li><li>Un projet cr\u00e9dible repose sur des usages r\u00e9els : ateliers, captations, archives accessibles, transmission interg\u00e9n\u00e9rationnelle et mod\u00e8le \u00e9conomique lisible.<\/li><li>L\u2019ambition est exceptionnelle lorsque le Progr\u00e8s technique reste au service des cr\u00e9ateurs, des publics et de l\u2019H\u00e9ritage collectif.<\/li><\/ul>\n\n<div id=\"ez-toc-container\" class=\"ez-toc-v2_0_86 counter-hierarchy ez-toc-counter ez-toc-grey ez-toc-container-direction\">\n<div class=\"ez-toc-title-container\">\n<p class=\"ez-toc-title\" style=\"cursor:inherit\">Sommaire<\/p>\n<span class=\"ez-toc-title-toggle\"><a href=\"#\" class=\"ez-toc-pull-right ez-toc-btn ez-toc-btn-xs ez-toc-btn-default ez-toc-toggle\" aria-label=\"Toggle Table of Content\"><span class=\"ez-toc-js-icon-con\"><span class=\"\"><span class=\"eztoc-hide\" style=\"display:none;\">Toggle<\/span><span class=\"ez-toc-icon-toggle-span\"><svg style=\"fill: #999;color:#999\" xmlns=\"http:\/\/www.w3.org\/2000\/svg\" class=\"list-377408\" width=\"20px\" height=\"20px\" viewBox=\"0 0 24 24\" fill=\"none\"><path d=\"M6 6H4v2h2V6zm14 0H8v2h12V6zM4 11h2v2H4v-2zm16 0H8v2h12v-2zM4 16h2v2H4v-2zm16 0H8v2h12v-2z\" fill=\"currentColor\"><\/path><\/svg><svg style=\"fill: #999;color:#999\" class=\"arrow-unsorted-368013\" xmlns=\"http:\/\/www.w3.org\/2000\/svg\" width=\"10px\" height=\"10px\" viewBox=\"0 0 24 24\" version=\"1.2\" baseProfile=\"tiny\"><path d=\"M18.2 9.3l-6.2-6.3-6.2 6.3c-.2.2-.3.4-.3.7s.1.5.3.7c.2.2.4.3.7.3h11c.3 0 .5-.1.7-.3.2-.2.3-.5.3-.7s-.1-.5-.3-.7zM5.8 14.7l6.2 6.3 6.2-6.3c.2-.2.3-.5.3-.7s-.1-.5-.3-.7c-.2-.2-.4-.3-.7-.3h-11c-.3 0-.5.1-.7.3-.2.2-.3.5-.3.7s.1.5.3.7z\"\/><\/svg><\/span><\/span><\/span><\/a><\/span><\/div>\n<nav><ul class='ez-toc-list ez-toc-list-level-1 eztoc-toggle-hide-by-default' ><li class='ez-toc-page-1 ez-toc-heading-level-2'><a class=\"ez-toc-link ez-toc-heading-1\" href=\"https:\/\/melodine.fr\/blog\/home-studio\/projet-age-or-renaissance\/#Projet_Age_dOr_redonner_un_sens_concret_a_la_Renaissance_culturelle\" >Projet \u00c2ge d&rsquo;Or : redonner un sens concret \u00e0 la Renaissance culturelle<\/a><\/li><li class='ez-toc-page-1 ez-toc-heading-level-2'><a class=\"ez-toc-link ez-toc-heading-2\" href=\"https:\/\/melodine.fr\/blog\/home-studio\/projet-age-or-renaissance\/#Age_dOr_et_Patrimoine_sonore_preserver_ce_qui_merite_encore_detre_entendu\" >\u00c2ge d&rsquo;Or et Patrimoine sonore : pr\u00e9server ce qui m\u00e9rite encore d\u2019\u00eatre entendu<\/a><\/li><li class='ez-toc-page-1 ez-toc-heading-level-2'><a class=\"ez-toc-link ez-toc-heading-3\" href=\"https:\/\/melodine.fr\/blog\/home-studio\/projet-age-or-renaissance\/#Renaissance_exceptionnelle_quand_lInnovation_devient_un_outil_de_creation\" >Renaissance exceptionnelle : quand l\u2019Innovation devient un outil de cr\u00e9ation<\/a><\/li><li class='ez-toc-page-1 ez-toc-heading-level-2'><a class=\"ez-toc-link ez-toc-heading-4\" href=\"https:\/\/melodine.fr\/blog\/home-studio\/projet-age-or-renaissance\/#Developpement_du_Projet_Age_dOr_associer_les_generations_et_les_metiers\" >D\u00e9veloppement du Projet \u00c2ge d&rsquo;Or : associer les g\u00e9n\u00e9rations et les m\u00e9tiers<\/a><\/li><li class='ez-toc-page-1 ez-toc-heading-level-2'><a class=\"ez-toc-link ez-toc-heading-5\" href=\"https:\/\/melodine.fr\/blog\/home-studio\/projet-age-or-renaissance\/#Projet_Age_dOr_et_avenir_de_la_Culture_mesurer_limpact_sans_lappauvrir\" >Projet \u00c2ge d&rsquo;Or et avenir de la Culture : mesurer l\u2019impact sans l\u2019appauvrir<\/a><\/li><\/ul><\/nav><\/div>\n<h2 class=\"wp-block-heading\"><span class=\"ez-toc-section\" id=\"Projet_Age_dOr_redonner_un_sens_concret_a_la_Renaissance_culturelle\"><\/span>Projet \u00c2ge d&rsquo;Or : redonner un sens concret \u00e0 la Renaissance culturelle<span class=\"ez-toc-section-end\"><\/span><\/h2>\n\n<p class=\"wp-block-paragraph\">Le terme <strong>\u00c2ge d&rsquo;Or<\/strong> \u00e9voque spontan\u00e9ment un temps ancien, paisible et abondant, dans lequel les \u00eatres humains vivraient en harmonie avec la nature, les autres esp\u00e8ces et les forces qui les d\u00e9passent. Ce r\u00e9cit traverse l\u2019Antiquit\u00e9, la peinture europ\u00e9enne et la litt\u00e9rature. Mais un <strong>Projet \u00c2ge d&rsquo;Or<\/strong> pertinent ne peut pas se limiter \u00e0 cette nostalgie. Le pass\u00e9 n\u2019\u00e9tait ni uniforme ni parfait : il portait aussi ses hi\u00e9rarchies, ses exclusions et ses silences.<\/p>\n\n<p class=\"wp-block-paragraph\">L\u2019enjeu est plut\u00f4t de partir de cette image forte pour poser une question actuelle : quels \u00e9l\u00e9ments d\u2019une \u00e9poque culturelle f\u00e9conde m\u00e9ritent d\u2019\u00eatre r\u00e9activ\u00e9s ? La r\u00e9ponse tient moins dans la reconstitution que dans la capacit\u00e9 \u00e0 relier des disciplines qui fonctionnent trop souvent s\u00e9par\u00e9ment. Une \u00e9cole de musique, un mus\u00e9e, une m\u00e9diath\u00e8que, un fablab et une association de quartier peuvent, par exemple, b\u00e2tir un programme commun autour de la m\u00e9moire sonore d\u2019un territoire.<\/p>\n\n<p class=\"wp-block-paragraph\">Cette approche replace la <strong>Culture<\/strong> dans la vie quotidienne. Un chant traditionnel enregistr\u00e9 par une habitante \u00e2g\u00e9e, une collection de photos familiales ou le bruit d\u2019un ancien atelier ne sont pas de simples reliques. Ils deviennent une mati\u00e8re \u00e0 \u00e9couter, \u00e0 documenter, \u00e0 transformer avec tact. Un compositeur peut cr\u00e9er une pi\u00e8ce \u00e9lectroacoustique \u00e0 partir de ces archives ; des \u00e9l\u00e8ves peuvent en produire un podcast ; un artisan peut y retrouver des motifs ou des gestes disparus.<\/p>\n\n<h3 class=\"wp-block-heading\">De l\u2019utopie abstraite \u00e0 une m\u00e9thode de terrain<\/h3>\n\n<p class=\"wp-block-paragraph\">Pour qu\u2019une Renaissance soit autre chose qu\u2019un slogan, elle doit commencer par un inventaire honn\u00eate. Quels lieux existent d\u00e9j\u00e0 ? Qui d\u00e9tient les connaissances ? Quelles collections dorment dans des r\u00e9serves, des greniers, des disques durs ou des m\u00e9moires familiales ? Cette phase est moins spectaculaire qu\u2019une inauguration, mais elle \u00e9vite de financer une vitrine sans contenu.<\/p>\n\n<p class=\"wp-block-paragraph\">Le fil conducteur peut \u00eatre celui de Lina, r\u00e9gisseuse dans une petite salle municipale. Elle d\u00e9couvre que les concerts enregistr\u00e9s entre les ann\u00e9es 1970 et 1990 sont conserv\u00e9s sur des cassettes fragiles. Au lieu de les num\u00e9riser \u00e0 la va-vite, elle r\u00e9unit un ancien technicien, une classe de lyc\u00e9e et un studio local. Chaque bande est identifi\u00e9e, nettoy\u00e9e, num\u00e9ris\u00e9e \u00e0 un niveau prudent, puis accompagn\u00e9e d\u2019un contexte : date, salle, interpr\u00e8tes, histoire du concert et droits de diffusion.<\/p>\n\n<p class=\"wp-block-paragraph\">Le r\u00e9sultat d\u00e9passe largement l\u2019archive. Des artistes locaux peuvent sampler certains fragments avec autorisation, les habitants retrouvent des voix connues, et la salle dispose d\u2019un fonds documentaire qui raconte son r\u00f4le dans le territoire. C\u2019est ici que le D\u00e9veloppement culturel prend une forme mesurable : nombre d\u2019archives sauv\u00e9es, ateliers organis\u00e9s, \u0153uvres cr\u00e9\u00e9es et publics associ\u00e9s.<\/p>\n\n<p class=\"wp-block-paragraph\">Le vocabulaire technique doit rester simple. Num\u00e9riser une cassette \u00e0 24 bits et 48 kHz signifie conserver davantage de nuances sonores qu\u2019avec un fichier compress\u00e9 destin\u00e9 au t\u00e9l\u00e9phone. Cela ne rend pas magiquement l\u2019enregistrement parfait ; cela \u00e9vite surtout de perdre une partie suppl\u00e9mentaire de ce qui subsiste. La qualit\u00e9 de l\u2019archive d\u00e9pend aussi du lecteur utilis\u00e9, de l\u2019\u00e9tat de la bande et de la correction appliqu\u00e9e avec retenue.<\/p>\n\n<p class=\"wp-block-paragraph\">Un nettoyage excessif peut supprimer un souffle, mais aussi manger les consonnes d\u2019une voix ou l\u2019air d\u2019une salle. Dans ce type de Projet, la r\u00e8gle saine est claire : pr\u00e9server l\u2019original, documenter chaque intervention et proposer une version restaur\u00e9e distincte. L\u2019authenticit\u00e9 ne signifie pas refuser toute am\u00e9lioration ; elle signifie pouvoir expliquer pr\u00e9cis\u00e9ment ce qui a \u00e9t\u00e9 modifi\u00e9.<\/p>\n\n<h3 class=\"wp-block-heading\">Les fondations d\u2019une ambition durable<\/h3>\n\n<figure class=\"wp-block-table\"><table>\n<thead>\n<tr>\n<th>Composante<\/th>\n<th>Application concr\u00e8te<\/th>\n<th>Indicateur utile<\/th>\n<\/tr>\n<\/thead>\n<tbody>\n<tr>\n<td>Patrimoine<\/td>\n<td>Recenser, restaurer et contextualiser les fonds locaux<\/td>\n<td>Archives catalogu\u00e9es et accessibles<\/td>\n<\/tr>\n<tr>\n<td>Cr\u00e9ation<\/td>\n<td>Commander des \u0153uvres inspir\u00e9es des collections<\/td>\n<td>Artistes r\u00e9mun\u00e9r\u00e9s et \u0153uvres diffus\u00e9es<\/td>\n<\/tr>\n<tr>\n<td>Transmission<\/td>\n<td>Organiser des ateliers entre g\u00e9n\u00e9rations<\/td>\n<td>Participants r\u00e9currents et comp\u00e9tences acquises<\/td>\n<\/tr>\n<tr>\n<td>Innovation<\/td>\n<td>Employer le num\u00e9rique pour \u00e9couter, indexer et partager<\/td>\n<td>Usages r\u00e9els plut\u00f4t que simples t\u00e9l\u00e9chargements<\/td>\n<\/tr>\n<\/tbody>\n<\/table><\/figure>\n\n<p class=\"wp-block-paragraph\">Un programme solide refuse donc deux pi\u00e8ges. Le premier est l\u2019\u00e9v\u00e9nement unique, tr\u00e8s visible mais sans suite. Le second est la conservation ferm\u00e9e, o\u00f9 l\u2019on prot\u00e8ge tellement les documents qu\u2019ils ne rencontrent plus personne. L\u2019\u00e9quilibre se trouve dans un acc\u00e8s progressif, respectueux des droits et accompagn\u00e9 d\u2019outils de m\u00e9diation.<\/p>\n\n<p class=\"wp-block-paragraph\">Cette premi\u00e8re \u00e9tape dessine un cap : <strong>l\u2019\u00c2ge d&rsquo;Or devient cr\u00e9dible lorsqu\u2019il transforme une m\u00e9moire fragile en ressource vivante, partageable et exigeante.<\/strong><\/p>\n\n<h2 class=\"wp-block-heading\"><span class=\"ez-toc-section\" id=\"Age_dOr_et_Patrimoine_sonore_preserver_ce_qui_merite_encore_detre_entendu\"><\/span>\u00c2ge d&rsquo;Or et Patrimoine sonore : pr\u00e9server ce qui m\u00e9rite encore d\u2019\u00eatre entendu<span class=\"ez-toc-section-end\"><\/span><\/h2>\n\n<p class=\"wp-block-paragraph\">Le Patrimoine ne se r\u00e9duit pas aux monuments, aux tableaux ou aux objets pr\u00e9cieux. Il poss\u00e8de aussi une dimension sonore : accents r\u00e9gionaux, r\u00e9pertoires de chorales, cloches, machines d\u2019atelier, \u00e9missions de radio associative, interviews, concerts et paysages acoustiques. Ces traces racontent une \u00e9poque avec une pr\u00e9cision que l\u2019image seule n\u2019offre pas. Une voix h\u00e9sitante, un public qui r\u00e9agit ou une acoustique de salle permettent de sentir des usages sociaux concrets.<\/p>\n\n<p class=\"wp-block-paragraph\">Dans un <strong>Projet \u00c2ge d&rsquo;Or<\/strong>, le son est particuli\u00e8rement pr\u00e9cieux parce qu\u2019il reconnecte imm\u00e9diatement les g\u00e9n\u00e9rations. Un adolescent qui d\u00e9couvre l\u2019enregistrement d\u2019un groupe local de 1983 ne partage pas forc\u00e9ment les go\u00fbts de ses grands-parents. En revanche, il peut \u00eatre frapp\u00e9 par une ligne de basse, une diction, une ambiance de sc\u00e8ne ou une \u00e9nergie collective. C\u2019est ce point d\u2019entr\u00e9e sensible qui cr\u00e9e le dialogue.<\/p>\n\n<p class=\"wp-block-paragraph\">La conservation demande toutefois un minimum de rigueur. Les supports analogiques vieillissent, les formats num\u00e9riques deviennent obsol\u00e8tes, et les fichiers mal nomm\u00e9s finissent par dispara\u00eetre presque aussi s\u00fbrement qu\u2019une bande mal stock\u00e9e. Conserver un fichier nomm\u00e9 \u00ab final_vrai_def_2.wav \u00bb sans date, sans auteur ni contexte revient \u00e0 pr\u00e9parer un probl\u00e8me pour les futurs utilisateurs.<\/p>\n\n<h3 class=\"wp-block-heading\">Archiver sans figer la m\u00e9moire<\/h3>\n\n<p class=\"wp-block-paragraph\">Une m\u00e9thode simple consiste \u00e0 associer chaque document \u00e0 des informations fiables : auteur, lieu, date, support d\u2019origine, personnes audibles, d\u00e9tenteur des droits et conditions de consultation. Cette description s\u2019appelle une m\u00e9tadonn\u00e9e, c\u2019est-\u00e0-dire une donn\u00e9e qui explique le contenu d\u2019un fichier. Sans elle, une archive reste muette dans tous les sens du terme.<\/p>\n\n<p class=\"wp-block-paragraph\">La plate-forme Audiofanzine illustre bien l\u2019int\u00e9r\u00eat d\u2019un \u00e9cosyst\u00e8me o\u00f9 se croisent m\u00e9dia sp\u00e9cialis\u00e9, communaut\u00e9, petites annonces et base de connaissances. Depuis l\u2019an 2000, ce type d\u2019espace accompagne musiciens, techniciens et amateurs dans leurs usages quotidiens. Pour un projet local, la le\u00e7on est utile : la valeur ne vient pas seulement du mat\u00e9riel ou des contenus, mais de la capacit\u00e9 \u00e0 faire circuler l\u2019exp\u00e9rience entre personnes comp\u00e9tentes.<\/p>\n\n<p class=\"wp-block-paragraph\">Un ancien clavier, un micro de sc\u00e8ne ou une console analogique peut ainsi devenir un objet de transmission plut\u00f4t qu\u2019un \u00e9l\u00e9ment de d\u00e9coration. Encore faut-il le pr\u00e9senter honn\u00eatement. Une vieille machine n\u2019est pas automatiquement meilleure parce qu\u2019elle est ancienne. Elle peut avoir du caract\u00e8re, mais aussi du souffle, des composants fatigu\u00e9s, une maintenance co\u00fbteuse et une connectique peu pratique.<\/p>\n\n<p class=\"wp-block-paragraph\">Le <a href=\"https:\/\/melodine.fr\/blog\/home-studio\/sequential-prophet5-rev4\/\">test du Sequential Prophet-5 Rev4<\/a> donne justement une bonne grille de lecture : un instrument l\u00e9gendaire se juge autant par son identit\u00e9 sonore et son ergonomie actuelle que par le r\u00e9cit qui l\u2019entoure. Une r\u00e9\u00e9dition moderne peut pr\u00e9server l\u2019esprit d\u2019un mod\u00e8le historique tout en apportant une stabilit\u00e9 d\u2019accordage, une m\u00e9morisation et une int\u00e9gration studio plus r\u00e9alistes.<\/p>\n\n<h3 class=\"wp-block-heading\">Le mat\u00e9riel historique doit servir un usage, pas un d\u00e9cor<\/h3>\n\n<p class=\"wp-block-paragraph\">Dans le cas de Lina, le projet pr\u00e9voit une \u00e9coute publique des archives restaur\u00e9es. Plut\u00f4t que d\u2019installer des enceintes hi-fi tr\u00e8s co\u00fbteuses dans une salle r\u00e9verb\u00e9rante, l\u2019\u00e9quipe privil\u00e9gie deux enceintes de monitoring bien positionn\u00e9es et un traitement l\u00e9ger du lieu. Le monitoring d\u00e9signe des enceintes con\u00e7ues pour entendre les d\u00e9fauts d\u2019un enregistrement de mani\u00e8re assez franche. Dans un contexte culturel, cette neutralit\u00e9 aide \u00e0 respecter les documents.<\/p>\n\n<p class=\"wp-block-paragraph\">Il faut aussi ajuster le niveau sonore. Un volume trop \u00e9lev\u00e9 fatigue vite et d\u00e9forme la perception des d\u00e9tails ; un niveau mod\u00e9r\u00e9 permet des \u00e9coutes plus longues et prot\u00e8ge l\u2019audition. Pour une exposition, des casques ferm\u00e9s peuvent limiter les nuisances entre installations, \u00e0 condition de nettoyer les coussinets, de pr\u00e9voir des r\u00e9glages de volume individuels et de ne pas imposer des niveaux agressifs.<\/p>\n\n<ul class=\"wp-block-list\"><li><strong>Conserver l\u2019original<\/strong> avant toute restauration ou conversion.<\/li><li><strong>Cr\u00e9er deux copies<\/strong> sur des supports s\u00e9par\u00e9s, avec un contr\u00f4le r\u00e9gulier.<\/li><li><strong>D\u00e9crire le contexte<\/strong> afin que le fichier reste compr\u00e9hensible dans dix ans.<\/li><li><strong>Obtenir les autorisations<\/strong> des ayants droit avant toute mise en ligne.<\/li><li><strong>Pr\u00e9voir l\u2019\u00e9coute<\/strong> comme une exp\u00e9rience accessible, et non comme un simple stockage.<\/li><\/ul>\n\n<p class=\"wp-block-paragraph\">Cette vigilance ne ralentit pas la cr\u00e9ation. Elle lui donne un socle. <strong>Un H\u00e9ritage sonore bien trait\u00e9 devient une r\u00e9serve d\u2019id\u00e9es, pas un mus\u00e9e sous cloche.<\/strong><\/p>\n\n<figure class=\"is-provider-youtube is-type-video wp-block-embed wp-block-embed-youtube wp-embed-aspect-16-9 wp-has-aspect-ratio\"><div class=\"wp-block-embed__wrapper\">\n<iframe loading=\"lazy\" title=\"Pre\u0301sentation AGE D&amp;apos;OR Services\" width=\"500\" height=\"281\" src=\"https:\/\/www.youtube.com\/embed\/KE5x6LaCojA?feature=oembed\" frameborder=\"0\" allow=\"accelerometer; autoplay; clipboard-write; encrypted-media; gyroscope; picture-in-picture; web-share\" referrerpolicy=\"strict-origin-when-cross-origin\" allowfullscreen><\/iframe>\n<\/div><\/figure>\n\n<h2 class=\"wp-block-heading\"><span class=\"ez-toc-section\" id=\"Renaissance_exceptionnelle_quand_lInnovation_devient_un_outil_de_creation\"><\/span>Renaissance exceptionnelle : quand l\u2019Innovation devient un outil de cr\u00e9ation<span class=\"ez-toc-section-end\"><\/span><\/h2>\n\n<p class=\"wp-block-paragraph\">Le mot Innovation est souvent employ\u00e9 pour vendre une application, un casque ou une plateforme avant m\u00eame d\u2019avoir d\u00e9montr\u00e9 son int\u00e9r\u00eat. Dans le cadre d\u2019une Renaissance culturelle, il m\u00e9rite une d\u00e9finition plus stricte : une innovation utile simplifie un acc\u00e8s, am\u00e9liore une conservation, enrichit une cr\u00e9ation ou donne une place nouvelle au public. Si elle ne produit qu\u2019un effet de d\u00e9monstration, elle peut attendre.<\/p>\n\n<p class=\"wp-block-paragraph\">Les outils num\u00e9riques offrent pourtant des possibilit\u00e9s concr\u00e8tes. La reconnaissance vocale facilite la transcription d\u2019entretiens anciens, l\u2019intelligence artificielle peut aider \u00e0 rep\u00e9rer des th\u00e8mes dans un grand fonds audio, et la spatialisation permet de reconstituer l\u2019ambiance d\u2019un lieu disparu. Aucun de ces proc\u00e9d\u00e9s ne remplace l\u2019expertise humaine. Ils acc\u00e9l\u00e8rent certaines t\u00e2ches, mais ils produisent aussi des erreurs qu\u2019il faut v\u00e9rifier.<\/p>\n\n<p class=\"wp-block-paragraph\">Une transcription automatique confondra volontiers des noms propres, des dialectes ou des mots recouverts par un bruit de fond. La bonne pratique consiste \u00e0 l\u2019utiliser comme brouillon, puis \u00e0 faire relire par une personne connaissant le contexte. Cette \u00e9tape peut devenir un atelier passionnant : des habitants corrigent les noms de rues, identifient des voix et ajoutent des anecdotes absentes des documents officiels.<\/p>\n\n<h3 class=\"wp-block-heading\">Du fichier brut \u00e0 l\u2019exp\u00e9rience culturelle<\/h3>\n\n<p class=\"wp-block-paragraph\">Le Projet de Lina franchit un cap lorsqu\u2019il ouvre une carte sonore du quartier. Chaque point donne acc\u00e8s \u00e0 une archive courte : le march\u00e9 du samedi, une r\u00e9p\u00e9tition de fanfare, le t\u00e9moignage d\u2019une couturi\u00e8re, les marteaux d\u2019une ancienne usine. Les extraits ne d\u00e9passent pas quelques minutes. Ce format respecte l\u2019attention du visiteur et invite \u00e0 approfondir ensuite.<\/p>\n\n<p class=\"wp-block-paragraph\">Pour fabriquer ces contenus, il ne suffit pas d\u2019avoir un bon micro. La prise de son d\u00e9pend aussi de la distance, de l\u2019acoustique et du bruit environnant. Un micro dynamique, moins sensible aux sons lointains, peut convenir \u00e0 une interview dans une salle anim\u00e9e. Un micro statique, plus d\u00e9taill\u00e9 mais \u00e9galement plus sensible, sera souvent plus int\u00e9ressant dans un lieu calme et trait\u00e9. Cette distinction \u00e9vite des achats incoh\u00e9rents.<\/p>\n\n<p class=\"wp-block-paragraph\">La latence compte aussi lorsqu\u2019un musicien joue avec un logiciel. Elle correspond au d\u00e9lai entre le geste, par exemple une note au clavier, et le son entendu. Au-del\u00e0 d\u2019une dizaine de millisecondes perceptibles dans certains contextes, le jeu peut sembler moins naturel. Pour une installation interactive, une interface audio stable et un ordinateur correctement r\u00e9gl\u00e9 importent davantage qu\u2019une interface remplie de fonctions inutilis\u00e9es.<\/p>\n\n<p class=\"wp-block-paragraph\">Dans une cr\u00e9ation immersive, le format ne doit jamais prendre le dessus sur le r\u00e9cit. Installer huit enceintes dans une pi\u00e8ce peut produire un effet remarquable, mais seulement si l\u2019\u0153uvre a \u00e9t\u00e9 pens\u00e9e pour cet espace. Sinon, deux enceintes bien calibr\u00e9es, un banc et une lumi\u00e8re sobre feront souvent mieux. L\u2019exceptionnelle qualit\u00e9 d\u2019une exp\u00e9rience tient fr\u00e9quemment \u00e0 ce qu\u2019elle retire, pas \u00e0 ce qu\u2019elle ajoute.<\/p>\n\n<h3 class=\"wp-block-heading\">Choisir les technologies avec un budget r\u00e9el<\/h3>\n\n<figure class=\"wp-block-table\"><table>\n<thead>\n<tr>\n<th>Besoin du projet<\/th>\n<th>Solution raisonnable<\/th>\n<th>Erreur fr\u00e9quente<\/th>\n<\/tr>\n<\/thead>\n<tbody>\n<tr>\n<td>Interviews de m\u00e9moire locale<\/td>\n<td>Micro adapt\u00e9, enregistreur fiable et lieu calme<\/td>\n<td>Acheter un micro haut de gamme sans contr\u00f4ler le bruit<\/td>\n<\/tr>\n<tr>\n<td>\u00c9coute d\u2019archives<\/td>\n<td>Casques confortables et limite de volume<\/td>\n<td>Privil\u00e9gier un grave spectaculaire au d\u00e9triment des voix<\/td>\n<\/tr>\n<tr>\n<td>Atelier de cr\u00e9ation<\/td>\n<td>Interface \u00e0 faible latence et logiciel accessible<\/td>\n<td>Choisir une configuration trop complexe \u00e0 maintenir<\/td>\n<\/tr>\n<tr>\n<td>Exposition num\u00e9rique<\/td>\n<td>Fichiers document\u00e9s, sauvegardes et interface simple<\/td>\n<td>Cr\u00e9er une plate-forme sans plan de mise \u00e0 jour<\/td>\n<\/tr>\n<\/tbody>\n<\/table><\/figure>\n\n<p class=\"wp-block-paragraph\">Le <a href=\"https:\/\/melodine.fr\/blog\/home-studio\/sequential-prophet5-rev4\/\">regard port\u00e9 sur le Prophet-5 Rev4 en home-studio<\/a> rappelle un principe valable ici : un outil se d\u00e9fend par ce qu\u2019il permet r\u00e9ellement de faire, pas par l\u2019aura de son nom. Ce filtre prot\u00e8ge les budgets et oblige \u00e0 penser aux personnes qui utiliseront le mat\u00e9riel apr\u00e8s l\u2019\u00e9v\u00e9nement de lancement.<\/p>\n\n<p class=\"wp-block-paragraph\"><strong>Le Progr\u00e8s devient culturellement f\u00e9cond lorsqu\u2019il rend les \u0153uvres plus accessibles, les cr\u00e9ateurs plus libres et les lieux plus habitables.<\/strong><\/p>\n\n<figure class=\"is-provider-youtube is-type-video wp-block-embed wp-block-embed-youtube wp-embed-aspect-16-9 wp-has-aspect-ratio\"><div class=\"wp-block-embed__wrapper\">\n<iframe loading=\"lazy\" title=\"Invention et \u00e2ge d&amp;apos;or des stations de bord de mer\" width=\"500\" height=\"281\" src=\"https:\/\/www.youtube.com\/embed\/XKsRFTkCIi4?feature=oembed\" frameborder=\"0\" allow=\"accelerometer; autoplay; clipboard-write; encrypted-media; gyroscope; picture-in-picture; web-share\" referrerpolicy=\"strict-origin-when-cross-origin\" allowfullscreen><\/iframe>\n<\/div><\/figure>\n\n<h2 class=\"wp-block-heading\"><span class=\"ez-toc-section\" id=\"Developpement_du_Projet_Age_dOr_associer_les_generations_et_les_metiers\"><\/span>D\u00e9veloppement du Projet \u00c2ge d&rsquo;Or : associer les g\u00e9n\u00e9rations et les m\u00e9tiers<span class=\"ez-toc-section-end\"><\/span><\/h2>\n\n<p class=\"wp-block-paragraph\">Une Renaissance ne se d\u00e9cr\u00e8te pas depuis un bureau. Elle prend forme dans les rencontres entre ceux qui savent faire, ceux qui veulent apprendre et ceux qui ont des histoires \u00e0 transmettre. Le D\u00e9veloppement d\u2019un Projet \u00c2ge d&rsquo;Or doit donc organiser des situations o\u00f9 chacun apporte quelque chose de pr\u00e9cis. L\u2019habitant ne devient pas une simple source de t\u00e9moignages, l\u2019\u00e9l\u00e8ve ne sert pas de public captif, et l\u2019artiste n\u2019est pas r\u00e9duit \u00e0 une animation de fin de programme.<\/p>\n\n<p class=\"wp-block-paragraph\">Les \u00e9changes interg\u00e9n\u00e9rationnels fonctionnent mieux lorsqu\u2019ils produisent un objet commun. Une s\u00e9rie de capsules sonores, une exposition, un concert, un livre d\u2019\u00e9coute ou une balade \u00e9quip\u00e9e de casques donne un horizon clair. Les participants savent pourquoi ils se r\u00e9unissent, et le r\u00e9sultat peut \u00eatre partag\u00e9 avec ceux qui n\u2019ont pas assist\u00e9 aux ateliers.<\/p>\n\n<p class=\"wp-block-paragraph\">Dans la commune de Lina, un groupe de jeunes beatmakers travaille avec une chorale retrait\u00e9e. La premi\u00e8re rencontre est h\u00e9sitante : les uns veulent des rythmiques fortes, les autres craignent de voir leur r\u00e9pertoire d\u00e9natur\u00e9. Le m\u00e9diateur \u00e9vite le faux compromis. Il demande \u00e0 la chorale de choisir trois chants qui comptent vraiment, puis aux producteurs d\u2019expliquer leurs intentions et de montrer des maquettes courtes.<\/p>\n\n<p class=\"wp-block-paragraph\">Apr\u00e8s plusieurs s\u00e9ances, une r\u00e8gle simple s\u2019impose : les paroles restent audibles et les harmonies sont cr\u00e9dit\u00e9es ; les rythmes, les textures et les structures nouvelles sont pleinement assum\u00e9s. Le morceau final n\u2019est ni une chorale d\u00e9guis\u00e9e en musique \u00e9lectronique, ni un beat plaqu\u00e9 sur des voix anciennes. Il devient une \u0153uvre commune, avec ses frottements et sa personnalit\u00e9.<\/p>\n\n<h3 class=\"wp-block-heading\">Former aux gestes, pas seulement aux logiciels<\/h3>\n\n<p class=\"wp-block-paragraph\">La transmission technique gagne \u00e0 \u00eatre concr\u00e8te. Un atelier son utile apprend \u00e0 tenir un micro, \u00e0 \u00e9couter un casque, \u00e0 \u00e9viter la saturation et \u00e0 nommer les fichiers correctement. La saturation appara\u00eet lorsqu\u2019un niveau d\u00e9passe ce que l\u2019appareil peut enregistrer : le son se d\u00e9forme alors de fa\u00e7on souvent irr\u00e9versible. Pr\u00e9venir ce probl\u00e8me est plus simple que le corriger apr\u00e8s coup.<\/p>\n\n<p class=\"wp-block-paragraph\">Il est aussi pertinent d\u2019expliquer la diff\u00e9rence entre \u00e9couter et surveiller. Lors d\u2019une prise, surveiller consiste \u00e0 rep\u00e9rer un c\u00e2ble d\u00e9faillant, un niveau trop faible ou un bruit parasite. \u00c9couter consiste \u00e0 juger l\u2019intention, l\u2019\u00e9motion, le rythme d\u2019une parole. Les deux comp\u00e9tences sont essentielles, mais elles ne mobilisent pas la m\u00eame attention. Les d\u00e9butants progressent vite lorsqu\u2019on leur donne ce cadre.<\/p>\n\n<p class=\"wp-block-paragraph\">Les m\u00e9tiers manuels ont \u00e9galement leur place. Restaurateurs, luthiers, imprimeurs, costumiers et sc\u00e9nographes poss\u00e8dent des savoirs qui ne se r\u00e9sument pas \u00e0 une fiche technique. Les filmer ou les enregistrer pendant qu\u2019ils travaillent permet de conserver des gestes pr\u00e9cis. Mais la captation doit respecter le rythme de l\u2019artisan : une cam\u00e9ra intrusive ou une interview permanente peut transformer une d\u00e9monstration en spectacle artificiel.<\/p>\n\n<h3 class=\"wp-block-heading\">Garantir une participation \u00e9quitable<\/h3>\n\n<p class=\"wp-block-paragraph\">Le b\u00e9n\u00e9volat peut enrichir un projet, mais il ne doit pas devenir la variable d\u2019ajustement syst\u00e9matique. Les artistes, techniciens et intervenants qui apportent une comp\u00e9tence professionnelle doivent \u00eatre r\u00e9mun\u00e9r\u00e9s. Cette clart\u00e9 prot\u00e8ge la qualit\u00e9 du travail et \u00e9vite de demander \u00e0 quelques passionn\u00e9s de porter seuls une ambition collective.<\/p>\n\n<p class=\"wp-block-paragraph\">Il faut aussi rendre les contenus accessibles. Des horaires compatibles avec la vie familiale, une transcription pour les personnes sourdes ou malentendantes, des textes lisibles et des dispositifs d\u2019\u00e9coute adapt\u00e9s \u00e9largissent r\u00e9ellement le public. L\u2019accessibilit\u00e9 n\u2019est pas une couche ajout\u00e9e apr\u00e8s coup : elle influence d\u00e8s le d\u00e9part les choix de format, de lieu et de budget.<\/p>\n\n<ol class=\"wp-block-list\"><li>Identifier les d\u00e9tenteurs de m\u00e9moire et les comp\u00e9tences locales.<\/li><li>D\u00e9finir une production commune, r\u00e9aliste et publiable.<\/li><li>Pr\u00e9voir une r\u00e9mun\u00e9ration et des droits clairs pour les contributeurs.<\/li><li>Documenter le processus autant que le r\u00e9sultat final.<\/li><li>R\u00e9employer les contenus dans des ateliers, des \u00e9coutes et des ressources p\u00e9dagogiques.<\/li><\/ol>\n\n<p class=\"wp-block-paragraph\"><strong>La force d\u2019un \u00c2ge d&rsquo;Or contemporain ne vient pas d\u2019une \u00e9lite inspir\u00e9e, mais d\u2019une communaut\u00e9 capable de cr\u00e9er, d\u2019\u00e9couter et de se transmettre des outils.<\/strong><\/p>\n\n<h2 class=\"wp-block-heading\"><span class=\"ez-toc-section\" id=\"Projet_Age_dOr_et_avenir_de_la_Culture_mesurer_limpact_sans_lappauvrir\"><\/span>Projet \u00c2ge d&rsquo;Or et avenir de la Culture : mesurer l\u2019impact sans l\u2019appauvrir<span class=\"ez-toc-section-end\"><\/span><\/h2>\n\n<p class=\"wp-block-paragraph\">Un projet culturel ambitieux doit pouvoir d\u00e9montrer son utilit\u00e9, notamment lorsqu\u2019il mobilise des financements publics, associatifs ou priv\u00e9s. Le danger serait pourtant de ne regarder que les chiffres faciles : nombre de visiteurs, vues sur une vid\u00e9o, abonn\u00e9s ou mentions sur les r\u00e9seaux. Ces donn\u00e9es sont utiles, mais elles ne disent pas si les personnes ont appris quelque chose, si les archives sont mieux prot\u00e9g\u00e9es ou si les artistes ont b\u00e9n\u00e9fici\u00e9 de conditions correctes.<\/p>\n\n<p class=\"wp-block-paragraph\">Mesurer l\u2019impact d\u2019une Renaissance culturelle demande donc plusieurs niveaux de lecture. Le premier est mat\u00e9riel : combien de documents ont \u00e9t\u00e9 restaur\u00e9s, combien de copies de sauvegarde existent, combien de lieux ont \u00e9t\u00e9 \u00e9quip\u00e9s de fa\u00e7on p\u00e9renne ? Le deuxi\u00e8me concerne les usages : les ressources sont-elles consult\u00e9es, enseign\u00e9es, r\u00e9interpr\u00e9t\u00e9es, emprunt\u00e9es ou comment\u00e9es ? Le troisi\u00e8me est humain : de nouvelles collaborations se sont-elles cr\u00e9\u00e9es ?<\/p>\n\n<p class=\"wp-block-paragraph\">Le projet de Lina choisit de publier un bilan annuel accessible. Il ne cherche pas \u00e0 prouver que tout est parfait. Il indique les archives non exploitables, les droits encore en cours de clarification, les ateliers annul\u00e9s et les d\u00e9penses impr\u00e9vues. Cette transparence inspire davantage confiance qu\u2019un discours rempli de promesses. Elle permet aussi aux futurs partenaires de savoir o\u00f9 leur aide sera r\u00e9ellement utile.<\/p>\n\n<h3 class=\"wp-block-heading\">Pr\u00e9server l\u2019H\u00e9ritage sans le marchandiser<\/h3>\n\n<p class=\"wp-block-paragraph\">La diffusion en ligne pose une difficult\u00e9 \u00e9vidente. Rendre une archive accessible augmente sa port\u00e9e, mais peut aussi l\u2019exposer \u00e0 la copie, \u00e0 la d\u00e9contextualisation ou \u00e0 l\u2019exploitation commerciale. Une voix enregistr\u00e9e dans un cadre intime ne doit pas se retrouver dans une publicit\u00e9 ou une vid\u00e9o virale sans accord. La responsabilit\u00e9 du porteur de Projet est de d\u00e9finir des r\u00e8gles simples avant la publication.<\/p>\n\n<p class=\"wp-block-paragraph\">Certains contenus peuvent \u00eatre \u00e9coutables librement, d\u2019autres r\u00e9serv\u00e9s \u00e0 une consultation sur place, et d\u2019autres encore accessibles seulement avec une autorisation familiale ou institutionnelle. Cette gradation ne trahit pas l\u2019id\u00e9e de partage. Elle reconna\u00eet que toutes les m\u00e9moires ne portent pas le m\u00eame degr\u00e9 d\u2019intimit\u00e9. La qualit\u00e9 \u00e9thique d\u2019un projet se voit souvent dans sa capacit\u00e9 \u00e0 dire non \u00e0 une diffusion facile.<\/p>\n\n<p class=\"wp-block-paragraph\">Les partenariats doivent suivre la m\u00eame logique. Une marque de mat\u00e9riel peut soutenir un atelier si les conditions sont publiques et si le choix des \u00e9quipements reste ind\u00e9pendant. Il serait en revanche probl\u00e9matique de transformer les participants en d\u00e9monstrateurs involontaires. Le mat\u00e9riel doit \u00eatre choisi pour l\u2019usage : solidit\u00e9, maintenance, compatibilit\u00e9, qualit\u00e9 sonore et co\u00fbt global.<\/p>\n\n<h3 class=\"wp-block-heading\">Faire durer la Renaissance au-del\u00e0 du lancement<\/h3>\n\n<p class=\"wp-block-paragraph\">La p\u00e9rennit\u00e9 se pr\u00e9pare avant la premi\u00e8re pr\u00e9sentation publique. Qui mettra \u00e0 jour le site ? Qui remplacera un casque us\u00e9 ? Qui v\u00e9rifiera les sauvegardes ? Qui accueillera les nouveaux b\u00e9n\u00e9voles ou salari\u00e9s ? Sans r\u00e9ponses, le Projet risque de laisser derri\u00e8re lui une belle exposition et des fichiers difficiles \u00e0 retrouver.<\/p>\n\n<p class=\"wp-block-paragraph\">Une feuille de route sur trois ans apporte une base r\u00e9aliste : premi\u00e8re ann\u00e9e pour collecter et s\u00e9curiser, deuxi\u00e8me ann\u00e9e pour cr\u00e9er et diffuser, troisi\u00e8me ann\u00e9e pour consolider les partenariats et transmettre la gestion. Cette temporalit\u00e9 \u00e9vite l\u2019urgence permanente. Elle laisse \u00e9galement le temps de corriger les choix techniques qui se r\u00e9v\u00e8lent inadapt\u00e9s \u00e0 l\u2019usage.<\/p>\n\n<p class=\"wp-block-paragraph\">Le patrimoine culturel gagne ainsi une fonction nouvelle : non pas imposer une vision du pass\u00e9, mais nourrir la capacit\u00e9 d\u2019inventer. Les archives deviennent des sources, les outils deviennent des passerelles et les publics deviennent des acteurs. C\u2019est une ambition moins confortable qu\u2019un r\u00e9cit nostalgique, mais beaucoup plus f\u00e9conde.<\/p>\n\n<p class=\"wp-block-paragraph\"><strong>Une Renaissance exceptionnelle se reconna\u00eet \u00e0 sa dur\u00e9e : elle laisse des comp\u00e9tences, des \u0153uvres accessibles et des liens assez solides pour continuer sans effet de mode.<\/strong><\/p>\n\n<script type=\"application\/ld+json\">\n{\"@context\":\"https:\/\/schema.org\",\"@type\":\"FAQPage\",\"mainEntity\":[{\"@type\":\"Question\",\"name\":\"Que signifie ru00e9ellement le Projet u00c2ge d'Or ?\",\"acceptedAnswer\":{\"@type\":\"Answer\",\"text\":\"Il du00e9signe une du00e9marche qui met en relation patrimoine, cru00e9ation contemporaine, transmission et outils actuels. Lu2019objectif nu2019est pas de copier un passu00e9 idu00e9al, mais de faire vivre des savoirs et des u0153uvres dans des usages pru00e9sents.\"}},{\"@type\":\"Question\",\"name\":\"Comment protu00e9ger des archives sonores anciennes ?\",\"acceptedAnswer\":{\"@type\":\"Answer\",\"text\":\"Il faut conserver le support du2019origine, ru00e9aliser des copies sur des stockages distincts, documenter chaque fichier avec des mu00e9tadonnu00e9es et vu00e9rifier les droits avant toute diffusion publique.\"}},{\"@type\":\"Question\",\"name\":\"Quel matu00e9riel privilu00e9gier pour un atelier de mu00e9moire sonore ?\",\"acceptedAnswer\":{\"@type\":\"Answer\",\"text\":\"Un enregistreur fiable, un microphone choisi selon le lieu, un casque confortable et un ordinateur correctement configuru00e9 suffisent souvent. La qualitu00e9 de la prise du00e9pend du2019abord du calme du lieu et de la pru00e9paration.\"}},{\"@type\":\"Question\",\"name\":\"Comment associer jeunes et au00eenu00e9s dans une cru00e9ation musicale ?\",\"acceptedAnswer\":{\"@type\":\"Answer\",\"text\":\"Le plus efficace consiste u00e0 du00e9finir une production commune, u00e0 reconnau00eetre les compu00e9tences de chacun et u00e0 fixer des ru00e8gles de cru00e9dit, de ru00e9munu00e9ration et de respect des ru00e9pertoires du00e8s le du00e9but du travail.\"}}]}\n<\/script>\n<h3>Que signifie r\u00e9ellement le Projet \u00c2ge d&rsquo;Or ?<\/h3>\n<p>Il d\u00e9signe une d\u00e9marche qui met en relation patrimoine, cr\u00e9ation contemporaine, transmission et outils actuels. L\u2019objectif n\u2019est pas de copier un pass\u00e9 id\u00e9al, mais de faire vivre des savoirs et des \u0153uvres dans des usages pr\u00e9sents.<\/p>\n<h3>Comment prot\u00e9ger des archives sonores anciennes ?<\/h3>\n<p>Il faut conserver le support d\u2019origine, r\u00e9aliser des copies sur des stockages distincts, documenter chaque fichier avec des m\u00e9tadonn\u00e9es et v\u00e9rifier les droits avant toute diffusion publique.<\/p>\n<h3>Quel mat\u00e9riel privil\u00e9gier pour un atelier de m\u00e9moire sonore ?<\/h3>\n<p>Un enregistreur fiable, un microphone choisi selon le lieu, un casque confortable et un ordinateur correctement configur\u00e9 suffisent souvent. La qualit\u00e9 de la prise d\u00e9pend d\u2019abord du calme du lieu et de la pr\u00e9paration.<\/p>\n<h3>Comment associer jeunes et a\u00een\u00e9s dans une cr\u00e9ation musicale ?<\/h3>\n<p>Le plus efficace consiste \u00e0 d\u00e9finir une production commune, \u00e0 reconna\u00eetre les comp\u00e9tences de chacun et \u00e0 fixer des r\u00e8gles de cr\u00e9dit, de r\u00e9mun\u00e9ration et de respect des r\u00e9pertoires d\u00e8s le d\u00e9but du travail.<\/p>\n\n","protected":false},"excerpt":{"rendered":"<p>En bref Projet \u00c2ge d&rsquo;Or : redonner un sens concret \u00e0 la Renaissance culturelle Le terme \u00c2ge d&rsquo;Or \u00e9voque spontan\u00e9ment un temps ancien, paisible et abondant, dans lequel les \u00eatres humains vivraient en harmonie avec la nature, les autres esp\u00e8ces et les forces qui les d\u00e9passent. Ce r\u00e9cit traverse l\u2019Antiquit\u00e9, la peinture europ\u00e9enne et la [&hellip;]<\/p>\n","protected":false},"author":1,"featured_media":0,"comment_status":"open","ping_status":"closed","sticky":false,"template":"","format":"standard","meta":{"footnotes":""},"categories":[1],"tags":[],"class_list":["post-348","post","type-post","status-publish","format-standard","hentry","category-actualites"],"_links":{"self":[{"href":"https:\/\/melodine.fr\/blog\/wp-json\/wp\/v2\/posts\/348","targetHints":{"allow":["GET"]}}],"collection":[{"href":"https:\/\/melodine.fr\/blog\/wp-json\/wp\/v2\/posts"}],"about":[{"href":"https:\/\/melodine.fr\/blog\/wp-json\/wp\/v2\/types\/post"}],"author":[{"embeddable":true,"href":"https:\/\/melodine.fr\/blog\/wp-json\/wp\/v2\/users\/1"}],"replies":[{"embeddable":true,"href":"https:\/\/melodine.fr\/blog\/wp-json\/wp\/v2\/comments?post=348"}],"version-history":[{"count":0,"href":"https:\/\/melodine.fr\/blog\/wp-json\/wp\/v2\/posts\/348\/revisions"}],"wp:attachment":[{"href":"https:\/\/melodine.fr\/blog\/wp-json\/wp\/v2\/media?parent=348"}],"wp:term":[{"taxonomy":"category","embeddable":true,"href":"https:\/\/melodine.fr\/blog\/wp-json\/wp\/v2\/categories?post=348"},{"taxonomy":"post_tag","embeddable":true,"href":"https:\/\/melodine.fr\/blog\/wp-json\/wp\/v2\/tags?post=348"}],"curies":[{"name":"wp","href":"https:\/\/api.w.org\/{rel}","templated":true}]}}